{"id":3884,"date":"2026-08-27T11:54:05","date_gmt":"2026-08-27T09:54:05","guid":{"rendered":"https:\/\/www.lacaravellaeditrice.it\/blog\/?p=3884"},"modified":"2026-08-27T11:54:30","modified_gmt":"2026-08-27T09:54:30","slug":"nuove-uscite-la-derealizzazione-di-mimmo-colacresi","status":"publish","type":"post","link":"https:\/\/www.lacaravellaeditrice.it\/blog\/nuove-uscite-la-derealizzazione-di-mimmo-colacresi\/","title":{"rendered":"NUOVE USCITE: LA DEREALIZZAZIONE di Mimmo Colacresi"},"content":{"rendered":"\n<p class=\"has-text-align-center\">Acquistalo ora sul nostro Bookstore all\u2019indirizzo \u2013><\/p>\n\n\n\n<p class=\"has-text-align-center\"><a href=\"https:\/\/www.lacaravellaeditrice.it\/il-porto\/641-la-derealizzazione-9788868276065.html?search_query=colacresi&amp;results=2\">https:\/\/www.lacaravellaeditrice.it\/il-porto\/641-la-derealizzazione-9788868276065.html?search_query=colacresi&amp;results=2<\/a><\/p>\n\n\n\n<figure class=\"wp-block-image size-large\"><a href=\"https:\/\/www.lacaravellaeditrice.it\/blog\/wp-content\/uploads\/2026\/08\/Banner_La-derealizzazione3.jpg\" data-rel=\"lightbox-image-0\" data-rl_title=\"\" data-rl_caption=\"\" title=\"\"><img loading=\"lazy\" decoding=\"async\" width=\"1024\" height=\"842\" src=\"https:\/\/www.lacaravellaeditrice.it\/blog\/wp-content\/uploads\/2026\/08\/Banner_La-derealizzazione3-1024x842.jpg\" alt=\"\" class=\"wp-image-3885\" srcset=\"https:\/\/www.lacaravellaeditrice.it\/blog\/wp-content\/uploads\/2026\/08\/Banner_La-derealizzazione3-1024x842.jpg 1024w, https:\/\/www.lacaravellaeditrice.it\/blog\/wp-content\/uploads\/2026\/08\/Banner_La-derealizzazione3-300x247.jpg 300w, https:\/\/www.lacaravellaeditrice.it\/blog\/wp-content\/uploads\/2026\/08\/Banner_La-derealizzazione3-768x631.jpg 768w, https:\/\/www.lacaravellaeditrice.it\/blog\/wp-content\/uploads\/2026\/08\/Banner_La-derealizzazione3-1536x1263.jpg 1536w, https:\/\/www.lacaravellaeditrice.it\/blog\/wp-content\/uploads\/2026\/08\/Banner_La-derealizzazione3-2048x1684.jpg 2048w\" sizes=\"(max-width: 1024px) 100vw, 1024px\" \/><\/a><\/figure>\n\n\n\n<h1 class=\"wp-block-heading has-text-align-center\">C\u2019\u00e8 un momento in cui la realt\u00e0 smette di essere un luogo sicuro. Per Santino quel momento \u00e8 gi\u00e0 iniziato. I ricordi si confondono con i sogni, le certezze vacillano e ogni volto sembra nascondere una verit\u00e0 diversa. <\/h1>\n\n\n\n<h2 class=\"wp-block-heading has-text-align-center\">Nel tentativo di distinguere ci\u00f2 che \u00e8 realmente accaduto da ci\u00f2 che la sua mente gli restituisce, \u00e8 costretto a confrontarsi con il peso del passato, con la paura, con la fede e con chi sembra conoscere il destino della sua anima meglio di lui.<\/h2>\n\n\n\n<h3 class=\"wp-block-heading has-text-align-center\">La derealizzazione \u00e8 il racconto di una mente che vacilla, ma soprattutto di un uomo che continua a cercare la verit\u00e0, anche quando questa sembra irraggiungibile.<\/h3>\n\n\n\n<p class=\"has-text-align-center\">Acquistalo ora sul nostro Bookstore all\u2019indirizzo \u2013&gt;<\/p>\n\n\n\n<p class=\"has-text-align-center\"><a href=\"https:\/\/www.lacaravellaeditrice.it\/il-porto\/641-la-derealizzazione-9788868276065.html?search_query=colacresi&amp;results=2\">https:\/\/www.lacaravellaeditrice.it\/il-porto\/641-la-derealizzazione-9788868276065.html?search_query=colacresi&amp;results=2<\/a><\/p>\n\n\n\n<h2 class=\"wp-block-heading has-text-align-center\">Biografia autore<\/h2>\n\n\n\n<p class=\"has-text-align-center\">Mimmo Colacresi nasce il 25 gennaio 1950 a Gallico Marina, Reggio Calabria, dove vive attualmente. La sua vita \u00e8 caratterizzata da un rapporto intenso con il mare: da adolescente marinaio, da adulto nostromo, prima su navi mercantili e poi sulle navi traghetto fra Villa San Giovanni e Messina. Con La Caravella Editrice ha gi\u00e0 pubblicato i romanzi:&nbsp;<em>Per mare e per terra\u2026<\/em>&nbsp;[2010],&nbsp;<em>All\u2019ombra dell\u2019eucalipto<\/em>&nbsp;[2015] e&nbsp;<em>La luce di una nuova alba<\/em>&nbsp;[2022].<\/p>\n<!-- AddThis Advanced Settings generic via filter on the_content --><!-- AddThis Share Buttons generic via filter on the_content -->","protected":false},"excerpt":{"rendered":"<p>Acquistalo ora sul nostro Bookstore all\u2019indirizzo \u2013> https:\/\/www.lacaravellaeditrice.it\/il-porto\/641-la-derealizzazione-9788868276065.html?search_query=colacresi&amp;results=2 C\u2019\u00e8 un momento in cui la realt\u00e0 smette di essere un luogo sicuro. Per Santino quel momento \u00e8 gi\u00e0 iniziato. I ricordi si confondono con i sogni, le certezze vacillano e ogni volto sembra nascondere una verit\u00e0 diversa. Nel tentativo di distinguere ci\u00f2 che \u00e8 realmente accaduto [&hellip;]<!-- AddThis Advanced Settings generic via filter on get_the_excerpt --><!-- AddThis Share Buttons generic via filter on get_the_excerpt --><\/p>\n","protected":false},"author":3,"featured_media":3886,"comment_status":"closed","ping_status":"open","sticky":true,"template":"","format":"standard","meta":{"footnotes":""},"categories":[7,4],"tags":[18,742,31,98],"_links":{"self":[{"href":"https:\/\/www.lacaravellaeditrice.it\/blog\/wp-json\/wp\/v2\/posts\/3884"}],"collection":[{"href":"https:\/\/www.lacaravellaeditrice.it\/blog\/wp-json\/wp\/v2\/posts"}],"about":[{"href":"https:\/\/www.lacaravellaeditrice.it\/blog\/wp-json\/wp\/v2\/types\/post"}],"author":[{"embeddable":true,"href":"https:\/\/www.lacaravellaeditrice.it\/blog\/wp-json\/wp\/v2\/users\/3"}],"replies":[{"embeddable":true,"href":"https:\/\/www.lacaravellaeditrice.it\/blog\/wp-json\/wp\/v2\/comments?post=3884"}],"version-history":[{"count":2,"href":"https:\/\/www.lacaravellaeditrice.it\/blog\/wp-json\/wp\/v2\/posts\/3884\/revisions"}],"predecessor-version":[{"id":3888,"href":"https:\/\/www.lacaravellaeditrice.it\/blog\/wp-json\/wp\/v2\/posts\/3884\/revisions\/3888"}],"wp:featuredmedia":[{"embeddable":true,"href":"https:\/\/www.lacaravellaeditrice.it\/blog\/wp-json\/wp\/v2\/media\/3886"}],"wp:attachment":[{"href":"https:\/\/www.lacaravellaeditrice.it\/blog\/wp-json\/wp\/v2\/media?parent=3884"}],"wp:term":[{"taxonomy":"category","embeddable":true,"href":"https:\/\/www.lacaravellaeditrice.it\/blog\/wp-json\/wp\/v2\/categories?post=3884"},{"taxonomy":"post_tag","embeddable":true,"href":"https:\/\/www.lacaravellaeditrice.it\/blog\/wp-json\/wp\/v2\/tags?post=3884"}],"curies":[{"name":"wp","href":"https:\/\/api.w.org\/{rel}","templated":true}]}}