{"id":3876,"date":"2026-08-26T11:30:49","date_gmt":"2026-08-26T09:30:49","guid":{"rendered":"https:\/\/www.lacaravellaeditrice.it\/blog\/?p=3876"},"modified":"2026-08-27T11:41:01","modified_gmt":"2026-08-27T09:41:01","slug":"nuove-uscite-don-leone-il-nuovo-parroco-di-daniela-picenni","status":"publish","type":"post","link":"https:\/\/www.lacaravellaeditrice.it\/blog\/nuove-uscite-don-leone-il-nuovo-parroco-di-daniela-picenni\/","title":{"rendered":"NUOVE USCITE: DON LEONE &#8211; Il nuovo parroco di Daniela Picenni"},"content":{"rendered":"\n<p class=\"has-text-align-center\">Acquistalo ora sul nostro Bookstore all\u2019indirizzo \u2013&gt;<\/p>\n\n\n\n<p class=\"has-text-align-center\"><a href=\"https:\/\/www.lacaravellaeditrice.it\/il-porto\/640-don-leone-il-nuovo-parroco-9788868276058.html?search_query=picenni&amp;results=2\">https:\/\/www.lacaravellaeditrice.it\/il-porto\/640-don-leone-il-nuovo-parroco-9788868276058.html?search_query=picenni&amp;results=2<\/a><\/p>\n\n\n\n<figure class=\"wp-block-image size-large\"><a href=\"https:\/\/www.lacaravellaeditrice.it\/blog\/wp-content\/uploads\/2026\/08\/Banner_Don-Leone3-1.jpg\" data-rel=\"lightbox-image-0\" data-rl_title=\"\" data-rl_caption=\"\" title=\"\"><img loading=\"lazy\" decoding=\"async\" width=\"1024\" height=\"842\" src=\"https:\/\/www.lacaravellaeditrice.it\/blog\/wp-content\/uploads\/2026\/08\/Banner_Don-Leone3-1-1024x842.jpg\" alt=\"\" class=\"wp-image-3879\" srcset=\"https:\/\/www.lacaravellaeditrice.it\/blog\/wp-content\/uploads\/2026\/08\/Banner_Don-Leone3-1-1024x842.jpg 1024w, https:\/\/www.lacaravellaeditrice.it\/blog\/wp-content\/uploads\/2026\/08\/Banner_Don-Leone3-1-300x247.jpg 300w, https:\/\/www.lacaravellaeditrice.it\/blog\/wp-content\/uploads\/2026\/08\/Banner_Don-Leone3-1-768x632.jpg 768w, https:\/\/www.lacaravellaeditrice.it\/blog\/wp-content\/uploads\/2026\/08\/Banner_Don-Leone3-1-1536x1263.jpg 1536w, https:\/\/www.lacaravellaeditrice.it\/blog\/wp-content\/uploads\/2026\/08\/Banner_Don-Leone3-1.jpg 1875w\" sizes=\"(max-width: 1024px) 100vw, 1024px\" \/><\/a><\/figure>\n\n\n\n<h1 class=\"wp-block-heading has-text-align-center\">A Roveto il tempo sembra scorrere con il ritmo lento delle stagioni, tra affetti sinceri, tradizioni condivise e una comunit\u00e0 che trova nella fede il proprio punto di riferimento. <\/h1>\n\n\n\n<h2 class=\"wp-block-heading has-text-align-center\">\u00c8 qui che le vite di Eleonora, Maurizio e don Leone si intrecciano in un destino inatteso, mettendo alla prova il confine tra ci\u00f2 che \u00e8 giusto e ci\u00f2 che il cuore non pu\u00f2 ignorare. Quando l\u2019amore si confronta con il sacrificio, la malattia e il peso delle scelte, ogni certezza vacilla. <\/h2>\n\n\n\n<h3 class=\"wp-block-heading has-text-align-center\">C\u2019\u00e8 chi decide di allontanarsi per proteggere chi ama, chi scopre che la fede non rende immuni dalla fragilit\u00e0 dei sentimenti e chi comprende che accogliere l\u2019altro significa andare oltre ogni legame di sangue. <\/h3>\n\n\n\n<h4 class=\"wp-block-heading has-text-align-center\">Con uno stile delicato e intenso, questo romanzo racconta una storia di rinunce, perdono e rinascita, ricordandoci che la vita raramente segue il cammino che avevamo immaginato, e che anche dalle ferite pi\u00f9 profonde pu\u00f2 nascere una nuova possibilit\u00e0 di amare e di ritrovare se stessi.<\/h4>\n\n\n\n<p class=\"has-text-align-center\">Acquistalo ora sul nostro Bookstore all\u2019indirizzo \u2013&gt;<\/p>\n\n\n\n<p class=\"has-text-align-center\"><a href=\"https:\/\/www.lacaravellaeditrice.it\/il-porto\/640-don-leone-il-nuovo-parroco-9788868276058.html?search_query=picenni&amp;results=2\">https:\/\/www.lacaravellaeditrice.it\/il-porto\/640-don-leone-il-nuovo-parroco-9788868276058.html?search_query=picenni&amp;results=2<\/a><\/p>\n\n\n\n<h2 class=\"wp-block-heading has-text-align-center\">Biografia autrice<\/h2>\n\n\n\n<p class=\"has-text-align-center\">Daniela Picenni nasce a Seriate nel 1957 da padre italiano e madre francese. Trascorre il primo mese di vita a Bergamo, per poi partire per Le Locle, nella Svizzera Francese, dove i suoi genitori si erano trasferiti. Sempre con loro verso i cinque anni ritorna in Italia a Bergamo, dove cresce, vive fino ai cinquant\u2019anni e si sposa.<\/p>\n<!-- AddThis Advanced Settings generic via filter on the_content --><!-- AddThis Share Buttons generic via filter on the_content -->","protected":false},"excerpt":{"rendered":"<p>Acquistalo ora sul nostro Bookstore all\u2019indirizzo \u2013&gt; https:\/\/www.lacaravellaeditrice.it\/il-porto\/640-don-leone-il-nuovo-parroco-9788868276058.html?search_query=picenni&amp;results=2 A Roveto il tempo sembra scorrere con il ritmo lento delle stagioni, tra affetti sinceri, tradizioni condivise e una comunit\u00e0 che trova nella fede il proprio punto di riferimento. \u00c8 qui che le vite di Eleonora, Maurizio e don Leone si intrecciano in un destino inatteso, mettendo [&hellip;]<!-- AddThis Advanced Settings generic via filter on get_the_excerpt --><!-- AddThis Share Buttons generic via filter on get_the_excerpt --><\/p>\n","protected":false},"author":3,"featured_media":3878,"comment_status":"closed","ping_status":"open","sticky":true,"template":"","format":"standard","meta":{"footnotes":""},"categories":[7,4],"tags":[100,31,98],"_links":{"self":[{"href":"https:\/\/www.lacaravellaeditrice.it\/blog\/wp-json\/wp\/v2\/posts\/3876"}],"collection":[{"href":"https:\/\/www.lacaravellaeditrice.it\/blog\/wp-json\/wp\/v2\/posts"}],"about":[{"href":"https:\/\/www.lacaravellaeditrice.it\/blog\/wp-json\/wp\/v2\/types\/post"}],"author":[{"embeddable":true,"href":"https:\/\/www.lacaravellaeditrice.it\/blog\/wp-json\/wp\/v2\/users\/3"}],"replies":[{"embeddable":true,"href":"https:\/\/www.lacaravellaeditrice.it\/blog\/wp-json\/wp\/v2\/comments?post=3876"}],"version-history":[{"count":1,"href":"https:\/\/www.lacaravellaeditrice.it\/blog\/wp-json\/wp\/v2\/posts\/3876\/revisions"}],"predecessor-version":[{"id":3880,"href":"https:\/\/www.lacaravellaeditrice.it\/blog\/wp-json\/wp\/v2\/posts\/3876\/revisions\/3880"}],"wp:featuredmedia":[{"embeddable":true,"href":"https:\/\/www.lacaravellaeditrice.it\/blog\/wp-json\/wp\/v2\/media\/3878"}],"wp:attachment":[{"href":"https:\/\/www.lacaravellaeditrice.it\/blog\/wp-json\/wp\/v2\/media?parent=3876"}],"wp:term":[{"taxonomy":"category","embeddable":true,"href":"https:\/\/www.lacaravellaeditrice.it\/blog\/wp-json\/wp\/v2\/categories?post=3876"},{"taxonomy":"post_tag","embeddable":true,"href":"https:\/\/www.lacaravellaeditrice.it\/blog\/wp-json\/wp\/v2\/tags?post=3876"}],"curies":[{"name":"wp","href":"https:\/\/api.w.org\/{rel}","templated":true}]}}