{"id":3820,"date":"2026-04-24T10:01:57","date_gmt":"2026-04-24T08:01:57","guid":{"rendered":"https:\/\/www.lacaravellaeditrice.it\/blog\/?p=3820"},"modified":"2026-04-28T10:14:00","modified_gmt":"2026-04-28T08:14:00","slug":"nuove-uscite-al-sicuro-con-me-di-daniela-polidori","status":"publish","type":"post","link":"https:\/\/www.lacaravellaeditrice.it\/blog\/nuove-uscite-al-sicuro-con-me-di-daniela-polidori\/","title":{"rendered":"NUOVE USCITE: AL SICURO CON ME di Daniela Polidori"},"content":{"rendered":"\n<p class=\"has-text-align-center\">Acquistalo ora sul nostro Bookstore all\u2019indirizzo \u2013&gt;<\/p>\n\n\n\n<p class=\"has-text-align-center\"><a href=\"https:\/\/www.lacaravellaeditrice.it\/il-porto\/631-al-sicuro-con-me.html?search_query=daniela&amp;results=3\">https:\/\/www.lacaravellaeditrice.it\/il-porto\/631-al-sicuro-con-me.html?search_query=daniela&amp;results=3<\/a><\/p>\n\n\n\n<figure class=\"wp-block-image size-large\"><a href=\"https:\/\/www.lacaravellaeditrice.it\/blog\/wp-content\/uploads\/2026\/04\/Banner_Al-sicuro-con-me3-scaled.jpg\" data-rel=\"lightbox-image-0\" data-rl_title=\"\" data-rl_caption=\"\" title=\"\"><img loading=\"lazy\" decoding=\"async\" width=\"1024\" height=\"842\" src=\"https:\/\/www.lacaravellaeditrice.it\/blog\/wp-content\/uploads\/2026\/04\/Banner_Al-sicuro-con-me3-1024x842.jpg\" alt=\"\" class=\"wp-image-3821\" srcset=\"https:\/\/www.lacaravellaeditrice.it\/blog\/wp-content\/uploads\/2026\/04\/Banner_Al-sicuro-con-me3-1024x842.jpg 1024w, https:\/\/www.lacaravellaeditrice.it\/blog\/wp-content\/uploads\/2026\/04\/Banner_Al-sicuro-con-me3-300x247.jpg 300w, https:\/\/www.lacaravellaeditrice.it\/blog\/wp-content\/uploads\/2026\/04\/Banner_Al-sicuro-con-me3-768x631.jpg 768w, https:\/\/www.lacaravellaeditrice.it\/blog\/wp-content\/uploads\/2026\/04\/Banner_Al-sicuro-con-me3-1536x1263.jpg 1536w, https:\/\/www.lacaravellaeditrice.it\/blog\/wp-content\/uploads\/2026\/04\/Banner_Al-sicuro-con-me3-2048x1684.jpg 2048w\" sizes=\"(max-width: 1024px) 100vw, 1024px\" \/><\/a><\/figure>\n\n\n\n<h2 class=\"wp-block-heading has-text-align-center\">Ci sono battaglie che nessuno vede. E poi ci sono quelle che ti tolgono il respiro. Irene cresce tra errori, scelte difficili e legami che lasciano il segno. L\u2019adolescenza la travolge, la vita la mette alla prova e dentro di lei si fa spazio una fragilit\u00e0 che non pu\u00f2 ignorare: gli attacchi di panico diventano un\u2019ombra costante, pronta a spezzare ogni equilibrio. <\/h2>\n\n\n\n<h2 class=\"wp-block-heading has-text-align-center\">Poi arriva Andrea. <\/h2>\n\n\n\n<h3 class=\"wp-block-heading has-text-align-center\">Un amore totalizzante, capace di darle forza, di tenerla ancorata quando tutto sembra sfuggirle. Ma la vita non concede tregue. E proprio quando Irene sembra trovare un fragile equilibrio tra paura e felicit\u00e0, il destino la colpisce dove fa pi\u00f9 male. Una storia intima e potente sul dolore che trasforma, sulla crescita che ferisce e su quell\u2019amore che resta\u2026 anche quando tutto cambia.<\/h3>\n\n\n\n<p class=\"has-text-align-center\">Acquistalo ora sul nostro Bookstore all\u2019indirizzo \u2013&gt;<\/p>\n\n\n\n<p class=\"has-text-align-center\"><a href=\"https:\/\/www.lacaravellaeditrice.it\/il-porto\/631-al-sicuro-con-me.html?search_query=daniela&amp;results=3\">https:\/\/www.lacaravellaeditrice.it\/il-porto\/631-al-sicuro-con-me.html?search_query=daniela&amp;results=3<\/a><\/p>\n\n\n\n<p class=\"has-text-align-center\">BIOGRAFIA AUTRICE<\/p>\n\n\n\n<p class=\"has-text-align-center\">Daniela Polidori nasce l\u201911 marzo 1992 a Viterbo. Ha conseguito una Laurea Magistrale in Filologia Moderna presso l\u2019Universit\u00e0 degli Studi della Tuscia e, dopo una specializzazione specifica, adesso lavora come docente di sostegno nelle Scuole Secondarie di Secondo Grado. Ama la musica, la letteratura, le passeggiate nel bosco con i suoi cani e la vita all\u2019aria aperta. Il suo pi\u00f9 grande amore per\u00f2 \u00e8 sua figlia Adele.<\/p>\n<!-- AddThis Advanced Settings generic via filter on the_content --><!-- AddThis Share Buttons generic via filter on the_content -->","protected":false},"excerpt":{"rendered":"<p>Acquistalo ora sul nostro Bookstore all\u2019indirizzo \u2013&gt; https:\/\/www.lacaravellaeditrice.it\/il-porto\/631-al-sicuro-con-me.html?search_query=daniela&amp;results=3 Ci sono battaglie che nessuno vede. E poi ci sono quelle che ti tolgono il respiro. Irene cresce tra errori, scelte difficili e legami che lasciano il segno. L\u2019adolescenza la travolge, la vita la mette alla prova e dentro di lei si fa spazio una fragilit\u00e0 che [&hellip;]<!-- AddThis Advanced Settings generic via filter on get_the_excerpt --><!-- AddThis Share Buttons generic via filter on get_the_excerpt --><\/p>\n","protected":false},"author":3,"featured_media":3823,"comment_status":"closed","ping_status":"open","sticky":true,"template":"","format":"standard","meta":{"footnotes":""},"categories":[9,7,4],"tags":[100,31,98],"_links":{"self":[{"href":"https:\/\/www.lacaravellaeditrice.it\/blog\/wp-json\/wp\/v2\/posts\/3820"}],"collection":[{"href":"https:\/\/www.lacaravellaeditrice.it\/blog\/wp-json\/wp\/v2\/posts"}],"about":[{"href":"https:\/\/www.lacaravellaeditrice.it\/blog\/wp-json\/wp\/v2\/types\/post"}],"author":[{"embeddable":true,"href":"https:\/\/www.lacaravellaeditrice.it\/blog\/wp-json\/wp\/v2\/users\/3"}],"replies":[{"embeddable":true,"href":"https:\/\/www.lacaravellaeditrice.it\/blog\/wp-json\/wp\/v2\/comments?post=3820"}],"version-history":[{"count":1,"href":"https:\/\/www.lacaravellaeditrice.it\/blog\/wp-json\/wp\/v2\/posts\/3820\/revisions"}],"predecessor-version":[{"id":3822,"href":"https:\/\/www.lacaravellaeditrice.it\/blog\/wp-json\/wp\/v2\/posts\/3820\/revisions\/3822"}],"wp:featuredmedia":[{"embeddable":true,"href":"https:\/\/www.lacaravellaeditrice.it\/blog\/wp-json\/wp\/v2\/media\/3823"}],"wp:attachment":[{"href":"https:\/\/www.lacaravellaeditrice.it\/blog\/wp-json\/wp\/v2\/media?parent=3820"}],"wp:term":[{"taxonomy":"category","embeddable":true,"href":"https:\/\/www.lacaravellaeditrice.it\/blog\/wp-json\/wp\/v2\/categories?post=3820"},{"taxonomy":"post_tag","embeddable":true,"href":"https:\/\/www.lacaravellaeditrice.it\/blog\/wp-json\/wp\/v2\/tags?post=3820"}],"curies":[{"name":"wp","href":"https:\/\/api.w.org\/{rel}","templated":true}]}}