{"id":3724,"date":"2025-11-25T09:02:28","date_gmt":"2025-11-25T08:02:28","guid":{"rendered":"https:\/\/www.lacaravellaeditrice.it\/blog\/?p=3724"},"modified":"2025-11-26T09:16:44","modified_gmt":"2025-11-26T08:16:44","slug":"nuove-uscite-le-bambole-mariposas-e-le-sfere-di-luce-di-ester-curatolo","status":"publish","type":"post","link":"https:\/\/www.lacaravellaeditrice.it\/blog\/nuove-uscite-le-bambole-mariposas-e-le-sfere-di-luce-di-ester-curatolo\/","title":{"rendered":"NUOVE USCITE: LE BAMBOLE MARIPOSAS E LE SFERE DI LUCE di Ester Curatolo"},"content":{"rendered":"\n<p class=\"has-text-align-center\">Acquistalo ora sul nostro Bookstore all\u2019indirizzo \u2013><\/p>\n\n\n\n<p class=\"has-text-align-center\"><a href=\"https:\/\/www.lacaravellaeditrice.it\/il-porto\/618-le-bambole-mariposas-e-le-sfera-di-luce-9788868275716.html?search_query=curatolo&amp;results=3\">https:\/\/www.lacaravellaeditrice.it\/il-porto\/618-le-bambole-mariposas-e-le-sfera-di-luce-9788868275716.html?search_query=curatolo&amp;results=3<\/a><\/p>\n\n\n\n<figure class=\"wp-block-image size-large\"><a href=\"https:\/\/www.lacaravellaeditrice.it\/blog\/wp-content\/uploads\/2025\/11\/Banner_Le-bambole-mariposas3.jpg\" data-rel=\"lightbox-image-0\" data-rl_title=\"\" data-rl_caption=\"\" title=\"\"><img loading=\"lazy\" decoding=\"async\" width=\"1024\" height=\"842\" src=\"https:\/\/www.lacaravellaeditrice.it\/blog\/wp-content\/uploads\/2025\/11\/Banner_Le-bambole-mariposas3-1024x842.jpg\" alt=\"\" class=\"wp-image-3725\" srcset=\"https:\/\/www.lacaravellaeditrice.it\/blog\/wp-content\/uploads\/2025\/11\/Banner_Le-bambole-mariposas3-1024x842.jpg 1024w, https:\/\/www.lacaravellaeditrice.it\/blog\/wp-content\/uploads\/2025\/11\/Banner_Le-bambole-mariposas3-300x247.jpg 300w, https:\/\/www.lacaravellaeditrice.it\/blog\/wp-content\/uploads\/2025\/11\/Banner_Le-bambole-mariposas3-768x632.jpg 768w, https:\/\/www.lacaravellaeditrice.it\/blog\/wp-content\/uploads\/2025\/11\/Banner_Le-bambole-mariposas3-1536x1263.jpg 1536w, https:\/\/www.lacaravellaeditrice.it\/blog\/wp-content\/uploads\/2025\/11\/Banner_Le-bambole-mariposas3.jpg 1875w\" sizes=\"(max-width: 1024px) 100vw, 1024px\" \/><\/a><\/figure>\n\n\n\n<h1 class=\"wp-block-heading has-text-align-center\"><em>In un tempo in cui la violenza contro le donne continua<\/em> <em>a riempire le cronache, questo libro si fa voce di chi non<\/em> <em>pu\u00f2 pi\u00f9 parlare.<\/em><\/h1>\n\n\n\n<h2 class=\"wp-block-heading has-text-align-center\"><em>Con delicatezza ma senza paura,<\/em> <em>Curatolo intreccia realt\u00e0 e immaginazione per restituire<\/em> <em>dignit\u00e0 e presenza alle vittime di femminicidio.<\/em> <em>Attraverso una narrazione che fonde il tono dark al<\/em> <em>fantastico, le protagoniste ritornano in scena non come<\/em> <em>ombre, ma come forze vive, determinate a riscrivere il<\/em> <em>proprio destino.<\/em>\u00a0\u00a0<\/h2>\n\n\n\n<h3 class=\"wp-block-heading has-text-align-center\"><em>Non \u00e8 una semplice rivalsa: \u00e8 un atto di<\/em> <em>giustizia, un modo per trasformare il dolore in memoria<\/em> <em>attiva.<\/em> <em>Ogni racconto \u00e8 un invito alla riflessione, una denuncia<\/em> <em>contro l\u2019indifferenza e un richiamo alla  responsabilit\u00e0<\/em> <em>collettiva.<\/em><\/h3>\n\n\n\n<h4 class=\"wp-block-heading has-text-align-center\"><em>In queste pagine si combatte non solo contro i<\/em> <em>carnefici, ma contro il silenzio che troppo spesso li<\/em> <em>protegge.<\/em> <em>Un libro che non si limita a raccontare. Resta. Colpisce.<\/em> <em>Chiede di non dimenticare.<\/em><\/h4>\n\n\n\n<p class=\"has-text-align-center\">Acquistalo ora sul nostro Bookstore all\u2019indirizzo \u2013&gt;<\/p>\n\n\n\n<p class=\"has-text-align-center\"><a href=\"https:\/\/www.lacaravellaeditrice.it\/il-porto\/618-le-bambole-mariposas-e-le-sfera-di-luce-9788868275716.html?search_query=curatolo&amp;results=3\">https:\/\/www.lacaravellaeditrice.it\/il-porto\/618-le-bambole-mariposas-e-le-sfera-di-luce-9788868275716.html?search_query=curatolo&amp;results=3<\/a><\/p>\n\n\n\n<h2 class=\"wp-block-heading has-text-align-center\">Biografia:\u00a0Ester Curatolo<\/h2>\n\n\n\n<p class=\"has-text-align-center\"><strong>\u00c8 nata a Caltanissetta nel 1980 e vive dal 2000 a Carugate (MI). Diplomata in lingue, \u00e8 sposata e ha due gatti. Lavora in fabbrica come operaia metalmeccanica. Ha praticato danza del ventre, karate e yoga. Con La Caravella Editrice ha pubblicato due libri, La battaglia di Esuteru, Alzheimer una fiaba per adulti (le \u00e8 stata conferita la menzione d\u2019onore al concorso letterario internazionale Cristina Campo) e Mio figlio in una fiaba (semifinalista alla x edizione del premio internazionale citt\u00e0 di Como). Non si definisce una scrittrice, ma una persona che ama scrivere per passione. <\/strong><a href=\"https:\/\/www.facebook.com\/sharer\/sharer.php?u=https:\/\/www.lacaravellaeditrice.it\/blog\/nuove-uscite-un-taxi-alla-fine-del-mondo-donne-e-tassisti-in-viaggio-di-vittoria-sangiorgio\/\" target=\"_blank\" rel=\"noreferrer noopener\"><\/a><\/p>\n<!-- AddThis Advanced Settings generic via filter on the_content --><!-- AddThis Share Buttons generic via filter on the_content -->","protected":false},"excerpt":{"rendered":"<p>Acquistalo ora sul nostro Bookstore all\u2019indirizzo \u2013> https:\/\/www.lacaravellaeditrice.it\/il-porto\/618-le-bambole-mariposas-e-le-sfera-di-luce-9788868275716.html?search_query=curatolo&amp;results=3 In un tempo in cui la violenza contro le donne continua a riempire le cronache, questo libro si fa voce di chi non pu\u00f2 pi\u00f9 parlare. Con delicatezza ma senza paura, Curatolo intreccia realt\u00e0 e immaginazione per restituire dignit\u00e0 e presenza alle vittime di femminicidio. Attraverso una [&hellip;]<!-- AddThis Advanced Settings generic via filter on get_the_excerpt --><!-- AddThis Share Buttons generic via filter on get_the_excerpt --><\/p>\n","protected":false},"author":3,"featured_media":3726,"comment_status":"closed","ping_status":"open","sticky":true,"template":"","format":"standard","meta":{"footnotes":""},"categories":[7,4],"tags":[718,717,31,98],"_links":{"self":[{"href":"https:\/\/www.lacaravellaeditrice.it\/blog\/wp-json\/wp\/v2\/posts\/3724"}],"collection":[{"href":"https:\/\/www.lacaravellaeditrice.it\/blog\/wp-json\/wp\/v2\/posts"}],"about":[{"href":"https:\/\/www.lacaravellaeditrice.it\/blog\/wp-json\/wp\/v2\/types\/post"}],"author":[{"embeddable":true,"href":"https:\/\/www.lacaravellaeditrice.it\/blog\/wp-json\/wp\/v2\/users\/3"}],"replies":[{"embeddable":true,"href":"https:\/\/www.lacaravellaeditrice.it\/blog\/wp-json\/wp\/v2\/comments?post=3724"}],"version-history":[{"count":1,"href":"https:\/\/www.lacaravellaeditrice.it\/blog\/wp-json\/wp\/v2\/posts\/3724\/revisions"}],"predecessor-version":[{"id":3727,"href":"https:\/\/www.lacaravellaeditrice.it\/blog\/wp-json\/wp\/v2\/posts\/3724\/revisions\/3727"}],"wp:featuredmedia":[{"embeddable":true,"href":"https:\/\/www.lacaravellaeditrice.it\/blog\/wp-json\/wp\/v2\/media\/3726"}],"wp:attachment":[{"href":"https:\/\/www.lacaravellaeditrice.it\/blog\/wp-json\/wp\/v2\/media?parent=3724"}],"wp:term":[{"taxonomy":"category","embeddable":true,"href":"https:\/\/www.lacaravellaeditrice.it\/blog\/wp-json\/wp\/v2\/categories?post=3724"},{"taxonomy":"post_tag","embeddable":true,"href":"https:\/\/www.lacaravellaeditrice.it\/blog\/wp-json\/wp\/v2\/tags?post=3724"}],"curies":[{"name":"wp","href":"https:\/\/api.w.org\/{rel}","templated":true}]}}