{"id":1645,"date":"2019-09-11T17:35:54","date_gmt":"2019-09-11T15:35:54","guid":{"rendered":"https:\/\/www.lacaravellaeditrice.it\/blog\/?p=1645"},"modified":"2019-09-12T09:39:10","modified_gmt":"2019-09-12T07:39:10","slug":"nuove-uscite-emanuele-piva-the-flashbook","status":"publish","type":"post","link":"https:\/\/www.lacaravellaeditrice.it\/blog\/nuove-uscite-emanuele-piva-the-flashbook\/","title":{"rendered":"NUOVE USCITE: Emanuele Piva &#8211; The flashbook"},"content":{"rendered":"\n<p>Acquista ora sul nostro Bookstore all&#8217;indirizzo &#8211;&gt;<\/p>\n\n\n\n<p><a href=\"https:\/\/www.lacaravellaeditrice.it\/il-porto\/375-the-flashbook-9788868273064.html\">https:\/\/www.lacaravellaeditrice.it\/il-porto\/375-the-flashbook-9788868273064.html<\/a><\/p>\n\n\n\n<h2 class=\"wp-block-heading\"><em>Fin da bambino il sogno di Mike \u00e8 quello di scrivere libri<br> di avventure.  <\/em><\/h2>\n\n\n\n<h3 class=\"wp-block-heading\"><em>Un giorno riceve in regalo un taccuino da un misterioso libraio di Londra<br> e decide di utilizzarlo come diario, senza immaginare che magicamente risponder\u00e0 e tramuter\u00e0 in realt\u00e0 tutti i suoi scritti.  <\/em><\/h3>\n\n\n\n<p><em>Sar\u00e0 lui stesso a trovarsi invischiato in una rocambolesca avventura, un intrigo internazionale tra Londra, San Pietroburgo e Venezia. <\/em><\/p>\n\n\n\n<figure class=\"wp-block-image\"><img loading=\"lazy\" decoding=\"async\" width=\"1024\" height=\"842\" src=\"https:\/\/www.lacaravellaeditrice.it\/blog\/wp-content\/uploads\/2019\/09\/Piva_banner-facebook-1-1024x842.jpg\" alt=\"\" class=\"wp-image-1649\" srcset=\"https:\/\/www.lacaravellaeditrice.it\/blog\/wp-content\/uploads\/2019\/09\/Piva_banner-facebook-1-1024x842.jpg 1024w, https:\/\/www.lacaravellaeditrice.it\/blog\/wp-content\/uploads\/2019\/09\/Piva_banner-facebook-1-300x247.jpg 300w, https:\/\/www.lacaravellaeditrice.it\/blog\/wp-content\/uploads\/2019\/09\/Piva_banner-facebook-1-768x631.jpg 768w\" sizes=\"(max-width: 1024px) 100vw, 1024px\" \/><\/figure>\n\n\n\n<h2 class=\"wp-block-heading\">Biografia autore<\/h2>\n\n\n\n<p><strong>Emanuele Piva <\/strong>\u00e8 nato nel 1977 e vive a\nVerona. Attualmente scrive come giornalista\nper il quotidiano \u201cLa Cronaca di Verona e\ndel Veneto\u201d. Da sempre appassionato di\nscrittura, ha fondato il \u201cProgetto Giulietta\u201d,\nin collaborazione con il Comune di Verona.\n<\/p>\n\n\n\n<p>Acquista ora sul nostro Bookstore all&#8217;indirizzo &#8211;&gt;<\/p>\n\n\n\n<p><a href=\"https:\/\/www.lacaravellaeditrice.it\/il-porto\/375-the-flashbook-9788868273064.html\">https:\/\/www.lacaravellaeditrice.it\/il-porto\/375-the-flashbook-9788868273064.html<\/a><\/p>\n\n\n\n<h2 class=\"wp-block-heading\"><em>Allah ealamani \u2018ana qara\u2019atan walikuna Alshaytan alkitaba <\/em><\/h2>\n<!-- AddThis Advanced Settings generic via filter on the_content --><!-- AddThis Share Buttons generic via filter on the_content -->","protected":false},"excerpt":{"rendered":"<p>Acquista ora sul nostro Bookstore all&#8217;indirizzo &#8211;&gt; https:\/\/www.lacaravellaeditrice.it\/il-porto\/375-the-flashbook-9788868273064.html Fin da bambino il sogno di Mike \u00e8 quello di scrivere libri di avventure. Un giorno riceve in regalo un taccuino da un misterioso libraio di Londra e decide di utilizzarlo come diario, senza immaginare che magicamente risponder\u00e0 e tramuter\u00e0 in realt\u00e0 tutti i suoi scritti. Sar\u00e0 [&hellip;]<!-- AddThis Advanced Settings generic via filter on get_the_excerpt --><!-- AddThis Share Buttons generic via filter on get_the_excerpt --><\/p>\n","protected":false},"author":3,"featured_media":1647,"comment_status":"closed","ping_status":"open","sticky":false,"template":"","format":"standard","meta":{"footnotes":""},"categories":[9,4],"tags":[134,132,128,98,131,133,129],"_links":{"self":[{"href":"https:\/\/www.lacaravellaeditrice.it\/blog\/wp-json\/wp\/v2\/posts\/1645"}],"collection":[{"href":"https:\/\/www.lacaravellaeditrice.it\/blog\/wp-json\/wp\/v2\/posts"}],"about":[{"href":"https:\/\/www.lacaravellaeditrice.it\/blog\/wp-json\/wp\/v2\/types\/post"}],"author":[{"embeddable":true,"href":"https:\/\/www.lacaravellaeditrice.it\/blog\/wp-json\/wp\/v2\/users\/3"}],"replies":[{"embeddable":true,"href":"https:\/\/www.lacaravellaeditrice.it\/blog\/wp-json\/wp\/v2\/comments?post=1645"}],"version-history":[{"count":2,"href":"https:\/\/www.lacaravellaeditrice.it\/blog\/wp-json\/wp\/v2\/posts\/1645\/revisions"}],"predecessor-version":[{"id":1650,"href":"https:\/\/www.lacaravellaeditrice.it\/blog\/wp-json\/wp\/v2\/posts\/1645\/revisions\/1650"}],"wp:featuredmedia":[{"embeddable":true,"href":"https:\/\/www.lacaravellaeditrice.it\/blog\/wp-json\/wp\/v2\/media\/1647"}],"wp:attachment":[{"href":"https:\/\/www.lacaravellaeditrice.it\/blog\/wp-json\/wp\/v2\/media?parent=1645"}],"wp:term":[{"taxonomy":"category","embeddable":true,"href":"https:\/\/www.lacaravellaeditrice.it\/blog\/wp-json\/wp\/v2\/categories?post=1645"},{"taxonomy":"post_tag","embeddable":true,"href":"https:\/\/www.lacaravellaeditrice.it\/blog\/wp-json\/wp\/v2\/tags?post=1645"}],"curies":[{"name":"wp","href":"https:\/\/api.w.org\/{rel}","templated":true}]}}